{"id":4980,"date":"2019-08-06T18:00:56","date_gmt":"2019-08-06T16:00:56","guid":{"rendered":"https:\/\/www.transportfever2.com\/?p=4980"},"modified":"2019-08-08T19:17:30","modified_gmt":"2019-08-08T17:17:30","slug":"transport-fever-2-on-track","status":"publish","type":"post","link":"https:\/\/www.transportfever2.com\/de\/transport-fever-2-on-track\/","title":{"rendered":"Transport Fever 2 gut aufgegleist"},"content":{"rendered":"<p>Die Entwicklung l\u00e4uft nach Fahrplan \u2013 bald schon werden wir eine weitere Folge der beliebten &#8222;Development Highlights&#8220;-Videos ver\u00f6ffentlichen.<\/p>\n<p>Um die Wartezeit bis dahin etwas zu verk\u00fcrzen, pr\u00e4sentieren wir heute ein Video unseres Presse-Events, der vor rund einem Monat in Berlin stattgefunden hat. Passend zum Spiel haben wir Medienschaffende in eine historische Zugkomposition eingeladen, um damit ganz Berlin zu umrunden. Es war uns eine grosse Freude, den vielen interessierten Teilnehmenden eine erste spielbare Version von Transport Fever 2 zeigen zu d\u00fcrfen.<\/p>\n<p><iframe loading=\"lazy\" src=\"https:\/\/www.youtube.com\/embed\/cQFGQO-cgO0?rel=0&#038;theme=light\" width=\"853\" height=\"480\" frameborder=\"0\" allowfullscreen=\"allowfullscreen\"><\/iframe><\/p>\n<p>Mit diesem Blick hinter die Kulissen bedanken wir uns ganz herzlich f\u00fcr euer Interesse am Spiel \u2013 bis bald!<\/p>","protected":false},"excerpt":{"rendered":"<p>Die Entwicklung l\u00e4uft nach Fahrplan \u2013 bald schon werden wir eine weitere Folge der beliebten &#8222;Development Highlights&#8220;-Videos ver\u00f6ffentlichen. Um die Wartezeit bis dahin etwas zu verk\u00fcrzen, pr\u00e4sentieren wir heute ein Video unseres Presse-Events, der vor rund einem Monat in Berlin stattgefunden hat. Passend zum Spiel haben wir Medienschaffende in eine historische Zugkomposition eingeladen, um damit [&hellip;]<\/p>\n","protected":false},"author":11,"featured_media":4990,"comment_status":"open","ping_status":"open","sticky":false,"template":"","format":"standard","meta":{"ngg_post_thumbnail":0,"footnotes":""},"categories":[7],"tags":[],"class_list":{"0":"post-4980","1":"post","2":"type-post","3":"status-publish","4":"format-standard","5":"has-post-thumbnail","6":"hentry","7":"category-news","9":"post-with-thumbnail","10":"post-with-thumbnail-large"},"_links":{"self":[{"href":"https:\/\/www.transportfever2.com\/de\/wp-json\/wp\/v2\/posts\/4980","targetHints":{"allow":["GET"]}}],"collection":[{"href":"https:\/\/www.transportfever2.com\/de\/wp-json\/wp\/v2\/posts"}],"about":[{"href":"https:\/\/www.transportfever2.com\/de\/wp-json\/wp\/v2\/types\/post"}],"author":[{"embeddable":true,"href":"https:\/\/www.transportfever2.com\/de\/wp-json\/wp\/v2\/users\/11"}],"replies":[{"embeddable":true,"href":"https:\/\/www.transportfever2.com\/de\/wp-json\/wp\/v2\/comments?post=4980"}],"version-history":[{"count":0,"href":"https:\/\/www.transportfever2.com\/de\/wp-json\/wp\/v2\/posts\/4980\/revisions"}],"wp:featuredmedia":[{"embeddable":true,"href":"https:\/\/www.transportfever2.com\/de\/wp-json\/wp\/v2\/media\/4990"}],"wp:attachment":[{"href":"https:\/\/www.transportfever2.com\/de\/wp-json\/wp\/v2\/media?parent=4980"}],"wp:term":[{"taxonomy":"category","embeddable":true,"href":"https:\/\/www.transportfever2.com\/de\/wp-json\/wp\/v2\/categories?post=4980"},{"taxonomy":"post_tag","embeddable":true,"href":"https:\/\/www.transportfever2.com\/de\/wp-json\/wp\/v2\/tags?post=4980"}],"curies":[{"name":"wp","href":"https:\/\/api.w.org\/{rel}","templated":true}]}}